{"id":28022,"date":"2026-04-22T14:58:32","date_gmt":"2026-04-22T18:58:32","guid":{"rendered":"https:\/\/carmenmalagueno.cl\/?post_type=realpress-property&#038;p=28022"},"modified":"2026-04-22T14:58:36","modified_gmt":"2026-04-22T18:58:36","slug":"oficina-central-calle-cuevas","status":"publish","type":"realpress-property","link":"https:\/\/carmenmalagueno.cl\/index.php\/propiedades\/oficina-central-calle-cuevas\/","title":{"rendered":"Oficina Central Calle Cuevas"},"content":{"rendered":"<p>Se arrienda espaciosa oficina ubicada en Calle Cuevas, a pasos de Astorga, en una zona c\u00e9ntrica y de alta conectividad, ideal para empresas, estudios profesionales o centros de servicios.<\/p><p>La propiedad se encuentra en un <strong>2\u00b0 piso<\/strong> y cuenta con una superficie aproximada de <strong>150 m\u00b2<\/strong>, distribuidos en una amplia planta libre que permite adaptar el espacio seg\u00fan las necesidades del arrendatario, adem\u00e1s de <strong>2 oficinas privadas<\/strong>, <strong>1 ba\u00f1o<\/strong> y <strong>1 bodega peque\u00f1a<\/strong>.<\/p><p>Adicionalmente, en el <strong>3\u00b0 piso<\/strong> dispone de <strong>2 bodegas<\/strong>, lo que la hace especialmente funcional para almacenamiento.<\/p><p>Ubicaci\u00f3n privilegiada, cercana a comercio, servicios, transporte p\u00fablico y principales v\u00edas de acceso, lo que facilita tanto la atenci\u00f3n de clientes como el desarrollo de actividades laborales.<\/p>","protected":false},"excerpt":{"rendered":"<p>Se arrienda espaciosa oficina ubicada en Calle Cuevas, a pasos de Astorga, en una zona c\u00e9ntrica y de alta conectividad, ideal para empresas, estudios profesionales o centros de servicios. La propiedad se encuentra en un 2\u00b0 piso y cuenta con [&hellip;]<\/p>\n","protected":false},"author":1,"featured_media":28033,"menu_order":0,"comment_status":"closed","ping_status":"closed","template":"","meta":[],"realpress-type":[275],"realpress-location":[234],"realpress-feature":[],"realpress-status":[],"realpress-energy-class":[],"realpress-label":[],"class_list":["post-28022","realpress-property","type-realpress-property","status-publish","has-post-thumbnail","hentry","realpress-type-oficina","realpress-location-rancagua"],"_links":{"self":[{"href":"https:\/\/carmenmalagueno.cl\/index.php\/wp-json\/wp\/v2\/realpress-property\/28022","targetHints":{"allow":["GET"]}}],"collection":[{"href":"https:\/\/carmenmalagueno.cl\/index.php\/wp-json\/wp\/v2\/realpress-property"}],"about":[{"href":"https:\/\/carmenmalagueno.cl\/index.php\/wp-json\/wp\/v2\/types\/realpress-property"}],"author":[{"embeddable":true,"href":"https:\/\/carmenmalagueno.cl\/index.php\/wp-json\/wp\/v2\/users\/1"}],"replies":[{"embeddable":true,"href":"https:\/\/carmenmalagueno.cl\/index.php\/wp-json\/wp\/v2\/comments?post=28022"}],"wp:featuredmedia":[{"embeddable":true,"href":"https:\/\/carmenmalagueno.cl\/index.php\/wp-json\/wp\/v2\/media\/28033"}],"wp:attachment":[{"href":"https:\/\/carmenmalagueno.cl\/index.php\/wp-json\/wp\/v2\/media?parent=28022"}],"wp:term":[{"taxonomy":"realpress-type","embeddable":true,"href":"https:\/\/carmenmalagueno.cl\/index.php\/wp-json\/wp\/v2\/realpress-type?post=28022"},{"taxonomy":"realpress-location","embeddable":true,"href":"https:\/\/carmenmalagueno.cl\/index.php\/wp-json\/wp\/v2\/realpress-location?post=28022"},{"taxonomy":"realpress-feature","embeddable":true,"href":"https:\/\/carmenmalagueno.cl\/index.php\/wp-json\/wp\/v2\/realpress-feature?post=28022"},{"taxonomy":"realpress-status","embeddable":true,"href":"https:\/\/carmenmalagueno.cl\/index.php\/wp-json\/wp\/v2\/realpress-status?post=28022"},{"taxonomy":"realpress-energy-class","embeddable":true,"href":"https:\/\/carmenmalagueno.cl\/index.php\/wp-json\/wp\/v2\/realpress-energy-class?post=28022"},{"taxonomy":"realpress-label","embeddable":true,"href":"https:\/\/carmenmalagueno.cl\/index.php\/wp-json\/wp\/v2\/realpress-label?post=28022"}],"curies":[{"name":"wp","href":"https:\/\/api.w.org\/{rel}","templated":true}]}}